{"id":155,"date":"2018-11-11T18:25:05","date_gmt":"2018-11-11T18:25:05","guid":{"rendered":"http:\/\/www.kondicnipriprava.cz\/?p=155"},"modified":"2019-08-28T19:51:54","modified_gmt":"2019-08-28T19:51:54","slug":"anketa-atlet-roku-2018","status":"publish","type":"post","link":"https:\/\/www.kondicnipriprava.cz\/en\/anketa-atlet-roku-2018\/","title":{"rendered":"Anketa Atlet roku 2018"},"content":{"rendered":"<header class=\"entry-header\">\n<h1 class=\"entry-title\">Anketa Atlet roku 2018<\/h1>\n<div class=\"entry-meta\"><span class=\"posted-on\">Publikov\u00e1no dne\u00a0<a href=\"https:\/\/www.summusvita.cz\/anketa-atlet-2018\/\" rel=\"bookmark\"><time class=\"entry-date published\" datetime=\"2018-11-11T12:28:10+00:00\">11. 11. 2018<\/time><\/a><\/span><\/div>\n<\/header>\n<div class=\"entry-content\">\n<p>V\u00a0sobotu 10. listopadu se v\u00a0pra\u017esk\u00e9m hotelu Ambassador uskute\u010dnilo slavnostn\u00ed vyhl\u00e1\u0161en\u00ed ATLETA ROKU 2018.<\/p>\n<p>V\u00fdbornou sez\u00f3nu a skv\u011bl\u00e9 st\u0159\u00edbro z\u00a0leto\u0161n\u00edho evropsk\u00e9ho \u0161ampion\u00e1tu v Berl\u00edn\u011b korunovala stejn\u00fdm um\u00edst\u011bn\u00edm v\u00a0t\u00e9to presti\u017en\u00ed anket\u011b sv\u011b\u0159enkyn\u011b kondi\u010dn\u00edho tren\u00e9ra Filipa Tom\u00e1\u0161e, chodkyn\u011b Ane\u017eka Drahotov\u00e1.<\/p>\n<p>Ane\u017eko, gratulujeme Tob\u011b a cel\u00e9mu Tv\u00e9mu t\u00fdmu.<\/p>\n<p>Podrobn\u011bj\u0161\u00ed informace z\u00a0pr\u016fb\u011bhu ankety ATLET ROKU 2018 zde:\u00a0<a href=\"https:\/\/isport.blesk.cz\/clanek\/ostatni-atletika\/350004\/spotakovou-strida-dalsi-osteparka-atletkou-roku-je-ogrodnikova.html?fbclid=IwAR0UnrhcHrzpAxUyfktdVA8GfySkt8OKXCn8wGyB0w1e_P1U5MXWFgscmY8\">https:\/\/isport.blesk.cz\/clanek\/ostatni-atletika\/<\/a><\/p>\n<p><img loading=\"lazy\" decoding=\"async\" class=\"aligncenter wp-image-508\" src=\"https:\/\/www.summusvita.cz\/wp-content\/uploads\/2018\/11\/An-Fi.jpg\" alt=\"\" width=\"450\" height=\"599\" \/><\/p>\n<\/div>\n<footer class=\"entry-footer\"><\/footer>","protected":false},"excerpt":{"rendered":"<p>Anketa Atlet roku 2018 Publikov\u00e1no dne\u00a011. 11. 2018 V\u00a0sobotu 10. listopadu se v\u00a0pra\u017esk\u00e9m hotelu Ambassador uskute\u010dnilo slavnostn\u00ed vyhl\u00e1\u0161en\u00ed ATLETA ROKU&hellip;<\/p>\n<p> <a class=\"more-link\" href=\"https:\/\/www.kondicnipriprava.cz\/en\/anketa-atlet-roku-2018\/\">Read more<\/a><\/p>","protected":false},"author":1,"featured_media":12114,"comment_status":"closed","ping_status":"closed","sticky":false,"template":"","format":"standard","meta":{"footnotes":""},"categories":[3],"tags":[],"class_list":{"0":"post-155","1":"post","2":"type-post","3":"status-publish","4":"format-standard","5":"has-post-thumbnail","7":"category-blog"},"yoast_head":"<!-- This site is optimized with the Yoast SEO plugin v24.2 - https:\/\/yoast.com\/wordpress\/plugins\/seo\/ -->\n<title>Anketa Atlet roku 2018 - kondicnipriprava.cz<\/title>\n<meta name=\"robots\" content=\"index, follow, max-snippet:-1, max-image-preview:large, max-video-preview:-1\" \/>\n<link rel=\"canonical\" href=\"https:\/\/www.kondicnipriprava.cz\/en\/anketa-atlet-roku-2018\/\" \/>\n<meta property=\"og:locale\" content=\"en_US\" \/>\n<meta property=\"og:type\" content=\"article\" \/>\n<meta property=\"og:title\" content=\"Anketa Atlet roku 2018 - kondicnipriprava.cz\" \/>\n<meta property=\"og:description\" content=\"Anketa Atlet roku 2018 Publikov\u00e1no dne\u00a011. 11. 2018 V\u00a0sobotu 10. listopadu se v\u00a0pra\u017esk\u00e9m hotelu Ambassador uskute\u010dnilo slavnostn\u00ed vyhl\u00e1\u0161en\u00ed ATLETA ROKU&hellip;  Read more\" \/>\n<meta property=\"og:url\" content=\"https:\/\/www.kondicnipriprava.cz\/en\/anketa-atlet-roku-2018\/\" \/>\n<meta property=\"og:site_name\" content=\"kondicnipriprava.cz\" \/>\n<meta property=\"article:published_time\" content=\"2018-11-11T18:25:05+00:00\" \/>\n<meta property=\"article:modified_time\" content=\"2019-08-28T19:51:54+00:00\" \/>\n<meta property=\"og:image\" content=\"https:\/\/www.kondicnipriprava.cz\/wp-content\/uploads\/2019\/01\/5.png\" \/>\n\t<meta property=\"og:image:width\" content=\"350\" \/>\n\t<meta property=\"og:image:height\" content=\"350\" \/>\n\t<meta property=\"og:image:type\" content=\"image\/png\" \/>\n<meta name=\"author\" content=\"kondicnipr\" \/>\n<meta name=\"twitter:card\" content=\"summary_large_image\" \/>\n<meta name=\"twitter:label1\" content=\"Written by\" \/>\n\t<meta name=\"twitter:data1\" content=\"kondicnipr\" \/>\n<script type=\"application\/ld+json\" class=\"yoast-schema-graph\">{\"@context\":\"https:\/\/schema.org\",\"@graph\":[{\"@type\":\"Article\",\"@id\":\"https:\/\/www.kondicnipriprava.cz\/anketa-atlet-roku-2018\/#article\",\"isPartOf\":{\"@id\":\"https:\/\/www.kondicnipriprava.cz\/anketa-atlet-roku-2018\/\"},\"author\":{\"name\":\"kondicnipr\",\"@id\":\"https:\/\/www.kondicnipriprava.cz\/#\/schema\/person\/26c0337a21f30d2b5f3ef39fee34f0ce\"},\"headline\":\"Anketa Atlet roku 2018\",\"datePublished\":\"2018-11-11T18:25:05+00:00\",\"dateModified\":\"2019-08-28T19:51:54+00:00\",\"mainEntityOfPage\":{\"@id\":\"https:\/\/www.kondicnipriprava.cz\/anketa-atlet-roku-2018\/\"},\"wordCount\":101,\"publisher\":{\"@id\":\"https:\/\/www.kondicnipriprava.cz\/#organization\"},\"image\":{\"@id\":\"https:\/\/www.kondicnipriprava.cz\/anketa-atlet-roku-2018\/#primaryimage\"},\"thumbnailUrl\":\"https:\/\/www.kondicnipriprava.cz\/wp-content\/uploads\/2019\/01\/5.png\",\"articleSection\":[\"Blog\"],\"inLanguage\":\"en-US\"},{\"@type\":\"WebPage\",\"@id\":\"https:\/\/www.kondicnipriprava.cz\/anketa-atlet-roku-2018\/\",\"url\":\"https:\/\/www.kondicnipriprava.cz\/anketa-atlet-roku-2018\/\",\"name\":\"Anketa Atlet roku 2018 - kondicnipriprava.cz\",\"isPartOf\":{\"@id\":\"https:\/\/www.kondicnipriprava.cz\/#website\"},\"primaryImageOfPage\":{\"@id\":\"https:\/\/www.kondicnipriprava.cz\/anketa-atlet-roku-2018\/#primaryimage\"},\"image\":{\"@id\":\"https:\/\/www.kondicnipriprava.cz\/anketa-atlet-roku-2018\/#primaryimage\"},\"thumbnailUrl\":\"https:\/\/www.kondicnipriprava.cz\/wp-content\/uploads\/2019\/01\/5.png\",\"datePublished\":\"2018-11-11T18:25:05+00:00\",\"dateModified\":\"2019-08-28T19:51:54+00:00\",\"breadcrumb\":{\"@id\":\"https:\/\/www.kondicnipriprava.cz\/anketa-atlet-roku-2018\/#breadcrumb\"},\"inLanguage\":\"en-US\",\"potentialAction\":[{\"@type\":\"ReadAction\",\"target\":[\"https:\/\/www.kondicnipriprava.cz\/anketa-atlet-roku-2018\/\"]}]},{\"@type\":\"ImageObject\",\"inLanguage\":\"en-US\",\"@id\":\"https:\/\/www.kondicnipriprava.cz\/anketa-atlet-roku-2018\/#primaryimage\",\"url\":\"https:\/\/www.kondicnipriprava.cz\/wp-content\/uploads\/2019\/01\/5.png\",\"contentUrl\":\"https:\/\/www.kondicnipriprava.cz\/wp-content\/uploads\/2019\/01\/5.png\",\"width\":350,\"height\":350},{\"@type\":\"BreadcrumbList\",\"@id\":\"https:\/\/www.kondicnipriprava.cz\/anketa-atlet-roku-2018\/#breadcrumb\",\"itemListElement\":[{\"@type\":\"ListItem\",\"position\":1,\"name\":\"Dom\u016f\",\"item\":\"https:\/\/www.kondicnipriprava.cz\/\"},{\"@type\":\"ListItem\",\"position\":2,\"name\":\"Anketa Atlet roku 2018\"}]},{\"@type\":\"WebSite\",\"@id\":\"https:\/\/www.kondicnipriprava.cz\/#website\",\"url\":\"https:\/\/www.kondicnipriprava.cz\/\",\"name\":\"kondicnipriprava.cz\",\"description\":\"Kondi\u010dn\u00ed p\u0159\u00edprava pro vrcholov\u00e9 sportovce\",\"publisher\":{\"@id\":\"https:\/\/www.kondicnipriprava.cz\/#organization\"},\"potentialAction\":[{\"@type\":\"SearchAction\",\"target\":{\"@type\":\"EntryPoint\",\"urlTemplate\":\"https:\/\/www.kondicnipriprava.cz\/?s={search_term_string}\"},\"query-input\":{\"@type\":\"PropertyValueSpecification\",\"valueRequired\":true,\"valueName\":\"search_term_string\"}}],\"inLanguage\":\"en-US\"},{\"@type\":\"Organization\",\"@id\":\"https:\/\/www.kondicnipriprava.cz\/#organization\",\"name\":\"kondicnipriprava.cz\",\"url\":\"https:\/\/www.kondicnipriprava.cz\/\",\"logo\":{\"@type\":\"ImageObject\",\"inLanguage\":\"en-US\",\"@id\":\"https:\/\/www.kondicnipriprava.cz\/#\/schema\/logo\/image\/\",\"url\":\"https:\/\/www.kondicnipriprava.cz\/wp-content\/uploads\/2020\/03\/cropped-ft-logo-web-elementor.jpg\",\"contentUrl\":\"https:\/\/www.kondicnipriprava.cz\/wp-content\/uploads\/2020\/03\/cropped-ft-logo-web-elementor.jpg\",\"width\":305,\"height\":100,\"caption\":\"kondicnipriprava.cz\"},\"image\":{\"@id\":\"https:\/\/www.kondicnipriprava.cz\/#\/schema\/logo\/image\/\"}},{\"@type\":\"Person\",\"@id\":\"https:\/\/www.kondicnipriprava.cz\/#\/schema\/person\/26c0337a21f30d2b5f3ef39fee34f0ce\",\"name\":\"kondicnipr\",\"url\":\"https:\/\/www.kondicnipriprava.cz\/en\/author\/kondicnipr\/\"}]}<\/script>\n<!-- \/ Yoast SEO plugin. -->","yoast_head_json":{"title":"Anketa Atlet roku 2018 - kondicnipriprava.cz","robots":{"index":"index","follow":"follow","max-snippet":"max-snippet:-1","max-image-preview":"max-image-preview:large","max-video-preview":"max-video-preview:-1"},"canonical":"https:\/\/www.kondicnipriprava.cz\/en\/anketa-atlet-roku-2018\/","og_locale":"en_US","og_type":"article","og_title":"Anketa Atlet roku 2018 - kondicnipriprava.cz","og_description":"Anketa Atlet roku 2018 Publikov\u00e1no dne\u00a011. 11. 2018 V\u00a0sobotu 10. listopadu se v\u00a0pra\u017esk\u00e9m hotelu Ambassador uskute\u010dnilo slavnostn\u00ed vyhl\u00e1\u0161en\u00ed ATLETA ROKU&hellip;  Read more","og_url":"https:\/\/www.kondicnipriprava.cz\/en\/anketa-atlet-roku-2018\/","og_site_name":"kondicnipriprava.cz","article_published_time":"2018-11-11T18:25:05+00:00","article_modified_time":"2019-08-28T19:51:54+00:00","og_image":[{"width":350,"height":350,"url":"https:\/\/www.kondicnipriprava.cz\/wp-content\/uploads\/2019\/01\/5.png","type":"image\/png"}],"author":"kondicnipr","twitter_card":"summary_large_image","twitter_misc":{"Written by":"kondicnipr"},"schema":{"@context":"https:\/\/schema.org","@graph":[{"@type":"Article","@id":"https:\/\/www.kondicnipriprava.cz\/anketa-atlet-roku-2018\/#article","isPartOf":{"@id":"https:\/\/www.kondicnipriprava.cz\/anketa-atlet-roku-2018\/"},"author":{"name":"kondicnipr","@id":"https:\/\/www.kondicnipriprava.cz\/#\/schema\/person\/26c0337a21f30d2b5f3ef39fee34f0ce"},"headline":"Anketa Atlet roku 2018","datePublished":"2018-11-11T18:25:05+00:00","dateModified":"2019-08-28T19:51:54+00:00","mainEntityOfPage":{"@id":"https:\/\/www.kondicnipriprava.cz\/anketa-atlet-roku-2018\/"},"wordCount":101,"publisher":{"@id":"https:\/\/www.kondicnipriprava.cz\/#organization"},"image":{"@id":"https:\/\/www.kondicnipriprava.cz\/anketa-atlet-roku-2018\/#primaryimage"},"thumbnailUrl":"https:\/\/www.kondicnipriprava.cz\/wp-content\/uploads\/2019\/01\/5.png","articleSection":["Blog"],"inLanguage":"en-US"},{"@type":"WebPage","@id":"https:\/\/www.kondicnipriprava.cz\/anketa-atlet-roku-2018\/","url":"https:\/\/www.kondicnipriprava.cz\/anketa-atlet-roku-2018\/","name":"Anketa Atlet roku 2018 - kondicnipriprava.cz","isPartOf":{"@id":"https:\/\/www.kondicnipriprava.cz\/#website"},"primaryImageOfPage":{"@id":"https:\/\/www.kondicnipriprava.cz\/anketa-atlet-roku-2018\/#primaryimage"},"image":{"@id":"https:\/\/www.kondicnipriprava.cz\/anketa-atlet-roku-2018\/#primaryimage"},"thumbnailUrl":"https:\/\/www.kondicnipriprava.cz\/wp-content\/uploads\/2019\/01\/5.png","datePublished":"2018-11-11T18:25:05+00:00","dateModified":"2019-08-28T19:51:54+00:00","breadcrumb":{"@id":"https:\/\/www.kondicnipriprava.cz\/anketa-atlet-roku-2018\/#breadcrumb"},"inLanguage":"en-US","potentialAction":[{"@type":"ReadAction","target":["https:\/\/www.kondicnipriprava.cz\/anketa-atlet-roku-2018\/"]}]},{"@type":"ImageObject","inLanguage":"en-US","@id":"https:\/\/www.kondicnipriprava.cz\/anketa-atlet-roku-2018\/#primaryimage","url":"https:\/\/www.kondicnipriprava.cz\/wp-content\/uploads\/2019\/01\/5.png","contentUrl":"https:\/\/www.kondicnipriprava.cz\/wp-content\/uploads\/2019\/01\/5.png","width":350,"height":350},{"@type":"BreadcrumbList","@id":"https:\/\/www.kondicnipriprava.cz\/anketa-atlet-roku-2018\/#breadcrumb","itemListElement":[{"@type":"ListItem","position":1,"name":"Dom\u016f","item":"https:\/\/www.kondicnipriprava.cz\/"},{"@type":"ListItem","position":2,"name":"Anketa Atlet roku 2018"}]},{"@type":"WebSite","@id":"https:\/\/www.kondicnipriprava.cz\/#website","url":"https:\/\/www.kondicnipriprava.cz\/","name":"kondicnipriprava.cz","description":"Kondi\u010dn\u00ed p\u0159\u00edprava pro vrcholov\u00e9 sportovce","publisher":{"@id":"https:\/\/www.kondicnipriprava.cz\/#organization"},"potentialAction":[{"@type":"SearchAction","target":{"@type":"EntryPoint","urlTemplate":"https:\/\/www.kondicnipriprava.cz\/?s={search_term_string}"},"query-input":{"@type":"PropertyValueSpecification","valueRequired":true,"valueName":"search_term_string"}}],"inLanguage":"en-US"},{"@type":"Organization","@id":"https:\/\/www.kondicnipriprava.cz\/#organization","name":"kondicnipriprava.cz","url":"https:\/\/www.kondicnipriprava.cz\/","logo":{"@type":"ImageObject","inLanguage":"en-US","@id":"https:\/\/www.kondicnipriprava.cz\/#\/schema\/logo\/image\/","url":"https:\/\/www.kondicnipriprava.cz\/wp-content\/uploads\/2020\/03\/cropped-ft-logo-web-elementor.jpg","contentUrl":"https:\/\/www.kondicnipriprava.cz\/wp-content\/uploads\/2020\/03\/cropped-ft-logo-web-elementor.jpg","width":305,"height":100,"caption":"kondicnipriprava.cz"},"image":{"@id":"https:\/\/www.kondicnipriprava.cz\/#\/schema\/logo\/image\/"}},{"@type":"Person","@id":"https:\/\/www.kondicnipriprava.cz\/#\/schema\/person\/26c0337a21f30d2b5f3ef39fee34f0ce","name":"kondicnipr","url":"https:\/\/www.kondicnipriprava.cz\/en\/author\/kondicnipr\/"}]}},"_links":{"self":[{"href":"https:\/\/www.kondicnipriprava.cz\/en\/wp-json\/wp\/v2\/posts\/155","targetHints":{"allow":["GET"]}}],"collection":[{"href":"https:\/\/www.kondicnipriprava.cz\/en\/wp-json\/wp\/v2\/posts"}],"about":[{"href":"https:\/\/www.kondicnipriprava.cz\/en\/wp-json\/wp\/v2\/types\/post"}],"author":[{"embeddable":true,"href":"https:\/\/www.kondicnipriprava.cz\/en\/wp-json\/wp\/v2\/users\/1"}],"replies":[{"embeddable":true,"href":"https:\/\/www.kondicnipriprava.cz\/en\/wp-json\/wp\/v2\/comments?post=155"}],"version-history":[{"count":0,"href":"https:\/\/www.kondicnipriprava.cz\/en\/wp-json\/wp\/v2\/posts\/155\/revisions"}],"wp:featuredmedia":[{"embeddable":true,"href":"https:\/\/www.kondicnipriprava.cz\/en\/wp-json\/wp\/v2\/media\/12114"}],"wp:attachment":[{"href":"https:\/\/www.kondicnipriprava.cz\/en\/wp-json\/wp\/v2\/media?parent=155"}],"wp:term":[{"taxonomy":"category","embeddable":true,"href":"https:\/\/www.kondicnipriprava.cz\/en\/wp-json\/wp\/v2\/categories?post=155"},{"taxonomy":"post_tag","embeddable":true,"href":"https:\/\/www.kondicnipriprava.cz\/en\/wp-json\/wp\/v2\/tags?post=155"}],"curies":[{"name":"wp","href":"https:\/\/api.w.org\/{rel}","templated":true}]}}